{"id":722,"date":"2018-05-27T10:09:38","date_gmt":"2018-05-27T10:09:38","guid":{"rendered":"https:\/\/lejourj-evenements.com\/particulier\/?p=722"},"modified":"2018-11-02T10:11:50","modified_gmt":"2018-11-02T10:11:50","slug":"ouverture-de-bal-de-cecile-et-alexis","status":"publish","type":"post","link":"https:\/\/lejourj-evenements.com\/particulier\/ouverture-de-bal-de-cecile-et-alexis\/","title":{"rendered":"Ouverture de bal de C\u00e9cile et Alexis"},"content":{"rendered":"<p><span class=\"_5mfr\"><span class=\"_6qdm\">&#x1f60d;<\/span><\/span>\u00a0<span class=\"_5mfr\"><span class=\"_6qdm\">&#x2764;<\/span><\/span>\u00a0C&rsquo;\u00e9tait hier soir et ils \u00e9taient magnifiques: voici la jolie ouverture de bal de C\u00e9cile et Alexis.<br \/>\nOrganisation de mariage &amp; sc\u00e9nographie by le Jour J<\/p>\n<p>https:\/\/www.facebook.com\/julie.schmitt68\/videos\/1968687686488798\/<\/p>\n<p>&nbsp;<\/p>\n","protected":false},"excerpt":{"rendered":"<p> [&hellip;]<\/p>\n","protected":false},"author":1,"featured_media":724,"comment_status":"open","ping_status":"open","sticky":false,"template":"","format":"standard","meta":{"footnotes":""},"categories":[2],"tags":[],"class_list":["post-722","post","type-post","status-publish","format-standard","has-post-thumbnail","hentry","category-actualites"],"_links":{"self":[{"href":"https:\/\/lejourj-evenements.com\/particulier\/wp-json\/wp\/v2\/posts\/722","targetHints":{"allow":["GET"]}}],"collection":[{"href":"https:\/\/lejourj-evenements.com\/particulier\/wp-json\/wp\/v2\/posts"}],"about":[{"href":"https:\/\/lejourj-evenements.com\/particulier\/wp-json\/wp\/v2\/types\/post"}],"author":[{"embeddable":true,"href":"https:\/\/lejourj-evenements.com\/particulier\/wp-json\/wp\/v2\/users\/1"}],"replies":[{"embeddable":true,"href":"https:\/\/lejourj-evenements.com\/particulier\/wp-json\/wp\/v2\/comments?post=722"}],"version-history":[{"count":1,"href":"https:\/\/lejourj-evenements.com\/particulier\/wp-json\/wp\/v2\/posts\/722\/revisions"}],"predecessor-version":[{"id":723,"href":"https:\/\/lejourj-evenements.com\/particulier\/wp-json\/wp\/v2\/posts\/722\/revisions\/723"}],"wp:featuredmedia":[{"embeddable":true,"href":"https:\/\/lejourj-evenements.com\/particulier\/wp-json\/wp\/v2\/media\/724"}],"wp:attachment":[{"href":"https:\/\/lejourj-evenements.com\/particulier\/wp-json\/wp\/v2\/media?parent=722"}],"wp:term":[{"taxonomy":"category","embeddable":true,"href":"https:\/\/lejourj-evenements.com\/particulier\/wp-json\/wp\/v2\/categories?post=722"},{"taxonomy":"post_tag","embeddable":true,"href":"https:\/\/lejourj-evenements.com\/particulier\/wp-json\/wp\/v2\/tags?post=722"}],"curies":[{"name":"wp","href":"https:\/\/api.w.org\/{rel}","templated":true}]}}