{"id":13,"date":"2017-06-26T09:35:36","date_gmt":"2017-06-26T09:35:36","guid":{"rendered":"https:\/\/lejourj-evenements.com\/professionnels\/?p=13"},"modified":"2017-08-09T12:43:35","modified_gmt":"2017-08-09T12:43:35","slug":"katia-eric","status":"publish","type":"post","link":"https:\/\/lejourj-evenements.com\/professionnels\/katia-eric\/","title":{"rendered":"Mariage de Katia &#038; Eric : Village-Neuf"},"content":{"rendered":"<div class=\"fusion-fullwidth fullwidth-box fusion-builder-row-1 nonhundred-percent-fullwidth non-hundred-percent-height-scrolling\" style=\"background-color: rgba(255,255,255,0);background-position: center center;background-repeat: no-repeat;padding-top:0px;padding-right:0px;padding-bottom:0px;padding-left:0px;margin-bottom: 0px;margin-top: 0px;border-width: 0px 0px 0px 0px;border-color:#eae9e9;border-style:solid;\" ><div class=\"fusion-builder-row fusion-row\"><div class=\"fusion-layout-column fusion_builder_column fusion-builder-column-0 fusion_builder_column_2_3 2_3 fusion-two-third fusion-column-first\" style=\"width:65.3333%; margin-right: 4%;margin-top:0px;margin-bottom:0px;\"><div class=\"fusion-column-wrapper fusion-flex-column-wrapper-legacy\" style=\"background-position:left top;background-repeat:no-repeat;-webkit-background-size:cover;-moz-background-size:cover;-o-background-size:cover;background-size:cover;padding: 0px 0px 0px 0px;\"><div class=\"fusion-text fusion-text-1\" style=\"transform:translate3d(0,0,0);\"><p>Commentaire de Katia\u00a0:<\/p>\n<p><em>Un petit mot&#8230; Un petit mot Julie pour te dire merci&#8230; Le jour o\u00f9 Eric, mon mari, m&rsquo;a demand\u00e9 en mariage, c&rsquo;est tout naturellement que je me suis tourn\u00e9e vers toi mon amie, toi la passionn\u00e9e d&rsquo;\u00e9v\u00e9nementiel, organisatrice hors pair de s\u00e9minaires, soir\u00e9es, mariages&#8230; De nos enterrements de vie de jeune fille, de jeune gar\u00e7on, jusqu&rsquo;aux photos, en passant par le traiteur, la salle, la d\u00e9co&#8230; N&rsquo;oublions pas, tu \u00e9tais l\u00e0 pour le choix de ma robe ! Un an d&rsquo;organisation ma\u00eetris\u00e9e \u00e0 la perfection. Tu as su nous guider, nous orienter, sans jamais rien nous imposer. Tu as fait de nos angoisses, de notre stress, des moments magiques, des fous rires, des souvenirs \u00e0 jamais grav\u00e9s. Tu es une personne au grand coeur, une professionnelle qui a su se mettre en toute discr\u00e9tion dans nos vies pour nous aider \u00e0 faire les meilleurs choix. Et pour tout \u00e7a Julie, MERCI, \u00ab\u00a0Le Jour J\u00a0\u00bb a fait de Notre Jour J le plus beau jour de notre vie\u00a0!!!<\/em><\/p>\n<p>&nbsp;<\/p>\n<p>Lorsque Katia m\u2019a demand\u00e9 d\u2019organiser son mariage, j\u2019ai \u00e9t\u00e9 totalement boulevers\u00e9e.<\/p>\n<p>Je connais Katia depuis une bonne vingtaine d\u2019ann\u00e9es. Ensemble nous avons v\u00e9cu nos premi\u00e8res histoires de gar\u00e7ons, nos premi\u00e8res boums d\u2019ados\u2026et c\u2019est \u00e0 peu pr\u00e8s \u00e0 cette \u00e9poque-l\u00e0 qu\u2019elle a fait la connaissance d\u2019Eric et qu\u2019ils sont tomb\u00e9s fous amoureux\u00a0!!!<\/p>\n<p>16 ans plus tard, ils d\u00e9cident de franchir le cap et me confient l\u2019organisation de leur grand jour. Un grand moment, tout \u00e0 leur image, plein d\u2019amour et d\u2019\u00e9motions\u2026<\/p>\n<p>&nbsp;<\/p>\n<\/div><div class=\"fusion-clearfix\"><\/div><\/div><\/div><div class=\"fusion-layout-column fusion_builder_column fusion-builder-column-1 fusion_builder_column_1_3 1_3 fusion-one-third fusion-column-last\" style=\"width:30.6666%;margin-top:0px;margin-bottom:0px;\"><div class=\"fusion-column-wrapper fusion-flex-column-wrapper-legacy\" style=\"background-position:left top;background-repeat:no-repeat;-webkit-background-size:cover;-moz-background-size:cover;-o-background-size:cover;background-size:cover;padding: 0px 0px 0px 0px;\"><span class=\" fusion-imageframe imageframe-none imageframe-1 hover-type-none\"><img decoding=\"async\" width=\"495\" height=\"743\" title=\"mank\" src=\"https:\/\/lejourj-evenements.com\/professionnels\/wp-content\/uploads\/2016\/05\/mank-1.jpg\" class=\"img-responsive wp-image-527\" srcset=\"https:\/\/lejourj-evenements.com\/professionnels\/wp-content\/uploads\/2016\/05\/mank-1-200x300.jpg 200w, https:\/\/lejourj-evenements.com\/professionnels\/wp-content\/uploads\/2016\/05\/mank-1-400x600.jpg 400w, https:\/\/lejourj-evenements.com\/professionnels\/wp-content\/uploads\/2016\/05\/mank-1.jpg 495w\" sizes=\"(max-width: 800px) 100vw, 400px\" \/><\/span><div class=\"fusion-clearfix\"><\/div><\/div><\/div><\/div><\/div>\n","protected":false},"excerpt":{"rendered":"","protected":false},"author":1,"featured_media":524,"comment_status":"open","ping_status":"open","sticky":false,"template":"","format":"standard","meta":{"footnotes":""},"categories":[1,2],"tags":[],"class_list":["post-13","post","type-post","status-publish","format-standard","has-post-thumbnail","hentry","category-uncategorized","category-wedding"],"_links":{"self":[{"href":"https:\/\/lejourj-evenements.com\/professionnels\/wp-json\/wp\/v2\/posts\/13","targetHints":{"allow":["GET"]}}],"collection":[{"href":"https:\/\/lejourj-evenements.com\/professionnels\/wp-json\/wp\/v2\/posts"}],"about":[{"href":"https:\/\/lejourj-evenements.com\/professionnels\/wp-json\/wp\/v2\/types\/post"}],"author":[{"embeddable":true,"href":"https:\/\/lejourj-evenements.com\/professionnels\/wp-json\/wp\/v2\/users\/1"}],"replies":[{"embeddable":true,"href":"https:\/\/lejourj-evenements.com\/professionnels\/wp-json\/wp\/v2\/comments?post=13"}],"version-history":[{"count":3,"href":"https:\/\/lejourj-evenements.com\/professionnels\/wp-json\/wp\/v2\/posts\/13\/revisions"}],"predecessor-version":[{"id":528,"href":"https:\/\/lejourj-evenements.com\/professionnels\/wp-json\/wp\/v2\/posts\/13\/revisions\/528"}],"wp:featuredmedia":[{"embeddable":true,"href":"https:\/\/lejourj-evenements.com\/professionnels\/wp-json\/wp\/v2\/media\/524"}],"wp:attachment":[{"href":"https:\/\/lejourj-evenements.com\/professionnels\/wp-json\/wp\/v2\/media?parent=13"}],"wp:term":[{"taxonomy":"category","embeddable":true,"href":"https:\/\/lejourj-evenements.com\/professionnels\/wp-json\/wp\/v2\/categories?post=13"},{"taxonomy":"post_tag","embeddable":true,"href":"https:\/\/lejourj-evenements.com\/professionnels\/wp-json\/wp\/v2\/tags?post=13"}],"curies":[{"name":"wp","href":"https:\/\/api.w.org\/{rel}","templated":true}]}}