{"id":16,"date":"2017-07-30T09:36:41","date_gmt":"2017-07-30T09:36:41","guid":{"rendered":"https:\/\/lejourj-evenements.com\/professionnels\/?p=16"},"modified":"2017-08-09T12:43:14","modified_gmt":"2017-08-09T12:43:14","slug":"volteface","status":"publish","type":"post","link":"https:\/\/lejourj-evenements.com\/professionnels\/volteface\/","title":{"rendered":"Beaut\u00e9 de la mari\u00e9e : focus sur un partenaire du Jour J, Volteface Coiffure \u00e0 Rixheim"},"content":{"rendered":"<div class=\"fusion-fullwidth fullwidth-box fusion-builder-row-1 nonhundred-percent-fullwidth non-hundred-percent-height-scrolling\" style=\"background-color: rgba(255,255,255,0);background-position: center center;background-repeat: no-repeat;padding-top:0px;padding-right:0px;padding-bottom:0px;padding-left:0px;margin-bottom: 0px;margin-top: 0px;border-width: 0px 0px 0px 0px;border-color:#eae9e9;border-style:solid;\" ><div class=\"fusion-builder-row fusion-row\"><div class=\"fusion-layout-column fusion_builder_column fusion-builder-column-0 fusion_builder_column_1_1 1_1 fusion-one-full fusion-column-first fusion-column-last\" style=\"margin-top:0px;margin-bottom:0px;\"><div class=\"fusion-column-wrapper fusion-flex-column-wrapper-legacy\" style=\"background-position:left top;background-repeat:no-repeat;-webkit-background-size:cover;-moz-background-size:cover;-o-background-size:cover;background-size:cover;padding: 0px 0px 0px 0px;\"><div class=\"fusion-text fusion-text-1\" style=\"transform:translate3d(0,0,0);\"><p>Etre bien coiff\u00e9e le jour de son mariage, logique non\u00a0? Et pourtant\u2026<\/p>\n<p>&nbsp;<\/p>\n<p>Pas si facile de trouver la perle des coiffeuses\u00a0!<\/p>\n<p>Je connais les talents de Marielle &#8211; \u00a0g\u00e9rante du salon Volteface \u00e0 Rixheim &#8211; \u00a0depuis que j\u2019ai d\u00e9barqu\u00e9 en catastrophe dans son<\/p>\n<p>salon, 15 jours avant mon mariage avec une couleur et des m\u00e8ches rat\u00e9es, pourtant pos\u00e9es par un coiffeur de renom.<\/p>\n<p>Impossible, au premier abord, de rattraper le d\u00e9sastre. Et bien si\u00a0!!! Parce que Marielle a su \u00eatre \u00e0 l\u2019\u00e9coute de mes exigences, j\u2019ai bel et bien eu la coiffure dont je r\u00eavais le jour de mon mariage\u2026et aujourd\u2019hui, le \u00ab\u00a0d\u00e9touffage\u00a0\u00bb n\u2019a plus aucun secret pour elle\u00a0; n\u2019est ce pas Marielle\u00a0?<\/p>\n<p>&nbsp;<\/p>\n<p>Marielle, c\u2019est la passion \u00e0 l\u2019\u00e9tat pur. Une belle personne, \u00e0 l\u2019int\u00e9rieur comme \u00e0 l\u2019ext\u00e9rieur et une professionnelle exigeante qui ne cesse jamais de se renouveler. Elle saura assur\u00e9ment vous mettre en valeur, quel que soit votre type de cheveu.<\/p>\n<p>Coiffeuse depuis toujours, Marielle a particip\u00e9 \u00e0 de nombreux concours, est install\u00e9e \u00e0 son compte depuis 14 ans et formatrice pour la marque Wella depuis 3 ans.<\/p>\n<p>Marielle est \u00e0 la t\u00eate de quatre employ\u00e9es. Ensemble\u00a0; elles forment une v\u00e9ritable dreamteam et se compl\u00e8tent parfaitement.<\/p>\n<p>Dans son salon r\u00e8gne une ambiance \u00e0 la fois agr\u00e9able et d\u00e9contract\u00e9e. Il faut dire que ces filles-l\u00e0 sont p\u00e9tillantes et toujours de bonne humeur\u00a0!<\/p>\n<p>&nbsp;<\/p>\n<p>Une adresse vivement conseill\u00e9e par le Jour J pour \u00eatre la plus belle pour votre grand jour.<\/p>\n<p>Comptez 150 \u20ac pour l\u2019essai + la coiffure du jour J.<\/p>\n<p>&nbsp;<\/p>\n<p style=\"line-height: inherit; color: #333333; font-family: Georgia, 'Times New Roman', 'Bitstream Charter', Times, serif; font-size: 16px; font-style: normal; font-variant-ligatures: normal; font-variant-caps: normal; font-weight: normal; letter-spacing: normal; orphans: 2; text-align: start; text-indent: 0px; text-transform: none; white-space: normal; widows: 2; word-spacing: 0px; -webkit-text-stroke-width: 0px; text-decoration-style: initial; text-decoration-color: initial;\"><a href=\"http:\/\/www.voltefacecoiffure.com\/\"><img decoding=\"async\" class=\"alignright wp-image-617\" style=\"height: auto; max-width: 100%; float: right; margin: 0.5em 0px 0.5em 1em;\" src=\"https:\/\/lejourj-evenements.com\/professionnels\/wp-content\/uploads\/2016\/05\/volteface1.png\" alt=\"\" width=\"243\" height=\"160\" srcset=\"https:\/\/lejourj-evenements.com\/professionnels\/wp-content\/uploads\/2016\/05\/volteface1-200x132.png 200w, https:\/\/lejourj-evenements.com\/professionnels\/wp-content\/uploads\/2016\/05\/volteface1-300x197.png 300w, https:\/\/lejourj-evenements.com\/professionnels\/wp-content\/uploads\/2016\/05\/volteface1-400x263.png 400w, https:\/\/lejourj-evenements.com\/professionnels\/wp-content\/uploads\/2016\/05\/volteface1-600x395.png 600w, https:\/\/lejourj-evenements.com\/professionnels\/wp-content\/uploads\/2016\/05\/volteface1-768x506.png 768w, https:\/\/lejourj-evenements.com\/professionnels\/wp-content\/uploads\/2016\/05\/volteface1.png 796w\" sizes=\"(max-width: 243px) 100vw, 243px\" \/><\/a><\/p>\n<p>Volteface Coiffure<\/p>\n<p>&nbsp;<\/p>\n<div class=\"mod\" data-md=\"1002\" data-hveid=\"20\" data-ved=\"0ahUKEwirwamLm7PVAhXDNz4KHZ0qAc0QkCkIFCgCMAM\">\n<div class=\"_eFb\">\n<div class=\"_mr kno-fb-ctx\" data-dtype=\"d3adr\" data-ved=\"0ahUKEwirwamLm7PVAhXDNz4KHZ0qAc0QghwIFSgAMAM\"><span class=\"_Xbe\">2 Rue du G\u00e9n\u00e9ral Leclerc, 68170 Rixheim<\/span><\/div>\n<div data-dtype=\"d3adr\" data-ved=\"0ahUKEwirwamLm7PVAhXDNz4KHZ0qAc0QghwIFSgAMAM\"><a href=\"http:\/\/www.voltefacecoiffure.com\/\">Site Web<\/a><\/div>\n<\/div>\n<\/div>\n<div class=\"mod\" data-md=\"1006\" data-hveid=\"23\" data-ved=\"0ahUKEwirwamLm7PVAhXDNz4KHZ0qAc0QkCkIFygDMAQ\">\n<div class=\"_eFb\">\n<div class=\"_mr kno-fb-ctx\" data-dtype=\"d3ph\" data-ved=\"0ahUKEwirwamLm7PVAhXDNz4KHZ0qAc0Q8I0BCBgoADAE\"><span class=\"_xdb\">T\u00e9l\u00e9phone\u00a0:\u00a0<\/span><span class=\"_Xbe _ZWk kno-fv\"><a class=\"fl r-iLYWldP6T0S4\" title=\"Appeler avec Hangouts\" data-number=\"+33389544648\" data-pstn-out-call-url=\"\" data-rtid=\"iLYWldP6T0S4\" data-ved=\"0ahUKEwirwamLm7PVAhXDNz4KHZ0qAc0QkAgIGigAMAQ\">03 89 54 46 48<\/a><\/span><\/div>\n<\/div>\n<\/div>\n<\/div><div class=\"fusion-clearfix\"><\/div><\/div><\/div><\/div><\/div>\n","protected":false},"excerpt":{"rendered":"","protected":false},"author":1,"featured_media":521,"comment_status":"open","ping_status":"open","sticky":false,"template":"","format":"standard","meta":{"footnotes":""},"categories":[1,2],"tags":[],"class_list":["post-16","post","type-post","status-publish","format-standard","has-post-thumbnail","hentry","category-uncategorized","category-wedding"],"_links":{"self":[{"href":"https:\/\/lejourj-evenements.com\/professionnels\/wp-json\/wp\/v2\/posts\/16","targetHints":{"allow":["GET"]}}],"collection":[{"href":"https:\/\/lejourj-evenements.com\/professionnels\/wp-json\/wp\/v2\/posts"}],"about":[{"href":"https:\/\/lejourj-evenements.com\/professionnels\/wp-json\/wp\/v2\/types\/post"}],"author":[{"embeddable":true,"href":"https:\/\/lejourj-evenements.com\/professionnels\/wp-json\/wp\/v2\/users\/1"}],"replies":[{"embeddable":true,"href":"https:\/\/lejourj-evenements.com\/professionnels\/wp-json\/wp\/v2\/comments?post=16"}],"version-history":[{"count":4,"href":"https:\/\/lejourj-evenements.com\/professionnels\/wp-json\/wp\/v2\/posts\/16\/revisions"}],"predecessor-version":[{"id":618,"href":"https:\/\/lejourj-evenements.com\/professionnels\/wp-json\/wp\/v2\/posts\/16\/revisions\/618"}],"wp:featuredmedia":[{"embeddable":true,"href":"https:\/\/lejourj-evenements.com\/professionnels\/wp-json\/wp\/v2\/media\/521"}],"wp:attachment":[{"href":"https:\/\/lejourj-evenements.com\/professionnels\/wp-json\/wp\/v2\/media?parent=16"}],"wp:term":[{"taxonomy":"category","embeddable":true,"href":"https:\/\/lejourj-evenements.com\/professionnels\/wp-json\/wp\/v2\/categories?post=16"},{"taxonomy":"post_tag","embeddable":true,"href":"https:\/\/lejourj-evenements.com\/professionnels\/wp-json\/wp\/v2\/tags?post=16"}],"curies":[{"name":"wp","href":"https:\/\/api.w.org\/{rel}","templated":true}]}}